{"id":1069,"date":"2020-10-27T14:04:02","date_gmt":"2020-10-27T14:04:02","guid":{"rendered":"https:\/\/sandra-photography.com\/?p=1069"},"modified":"2020-10-27T14:04:45","modified_gmt":"2020-10-27T14:04:45","slug":"zwillingsfotos-in-munchen","status":"publish","type":"post","link":"https:\/\/sandra-photography.com\/?p=1069","title":{"rendered":"Zwillingsfotos in M\u00fcnchen"},"content":{"rendered":"\n<p style=\"color:#5b4b42\" class=\"has-text-color\">Heute darf ich Euch etwas ganz Besonderes zeigen. Diese s\u00fc\u00dfen&nbsp;<strong>Neugeborenen-Zwillinge<\/strong>&nbsp;haben mich zusammen mit Ihren Eltern und&nbsp;Ihrer gro\u00dfen Schwester in meinem Studio besucht.<\/p>\n\n\n\n<p style=\"color:#5b4b42\" class=\"has-text-color\">Wie es bei Zwillingen meistens der&nbsp;Fall ist, haben auch diese beiden&nbsp;etwas zeitiger das&nbsp;Licht der Welt erblickt und waren damit im&nbsp;perfekten Shootingalter, als sie zu mir ins&nbsp;Studio gekommen sind.<\/p>\n\n\n\n<p style=\"color:#5b4b42\" class=\"has-text-color\">Der Junge war total verschlafen und ruhig, w\u00e4hrend seine Schwester scheinbar alles aufregend fand. Somit war es herausfordernd, den richtigen Zeitpunkt abzupassen, an denen Beide geschlafen haben und ich sie dann zusammen mit Ihrer gro\u00dfen Schwester ins rechte Licht setzen konnte. Diese hat das Shooting wundervoll geduldig gemeistert und mich dadurch in meiner Arbeit super unterst\u00fctzt. Alles in Allem eine ganz liebevolle und herzliche Familie!<\/p>\n\n\n\n<p><\/p>\n\n\n\n<span data-id=\"e8a3ba44-be41-4998-a75e-9d6724b98f31\" class=\"pp-embedded-gallery \">[pp_gallery id=\"1072\" style-id=\"__full-size-images__\"]<\/span>\n","protected":false},"excerpt":{"rendered":"<p>Heute darf ich Euch etwas ganz Besonderes zeigen. Diese s\u00fc\u00dfen&nbsp;Neugeborenen-Zwillinge&nbsp;haben mich zusammen mit Ihren Eltern und&nbsp;Ihrer gro\u00dfen Schwester in meinem Studio besucht. Wie es bei Zwillingen meistens der&nbsp;Fall ist, haben auch diese beiden&nbsp;etwas zeitiger das&nbsp;Licht der Welt erblickt und waren damit im&nbsp;perfekten Shootingalter, als sie zu mir ins&nbsp;Studio gekommen sind. Der Junge war total verschlafen...<\/p>\n","protected":false},"author":1,"featured_media":1079,"comment_status":"open","ping_status":"open","sticky":false,"template":"","format":"standard","meta":{"pp_embeds":"{\"e8a3ba44-be41-4998-a75e-9d6724b98f31\":{\"id\":\"e8a3ba44-be41-4998-a75e-9d6724b98f31\",\"type\":\"modules\",\"parent\":\"\",\"children\":[],\"customizations\":{},\"attributes\":{\"style_id\":\"__full-size-images__\",\"collection_id\":\"1072\"}}}","footnotes":""},"categories":[40,4,3],"tags":[5,19,17,23,11,36,22,7,37,18,15,41,20,38,24,13,12,10,9,26,34,35,14,16,21,25,39,8,6,28],"class_list":["post-1069","post","type-post","status-publish","format-standard","has-post-thumbnail","hentry","category-baby","category-families","category-newborn","tag-baby","tag-babybauchbilder","tag-babybauchshooting","tag-babybelly","tag-babyfotos","tag-barfus","tag-familienbilder","tag-familienfotos","tag-family","tag-fotostudio","tag-harlaching","tag-hebamme-portraitfotografie","tag-isar","tag-jeans","tag-maternity","tag-munchen","tag-neugeborenenfotografie","tag-neugeborenenfotos","tag-newbornfotos","tag-paaarshooting","tag-portrait","tag-sandra","tag-sandra-stork","tag-sandraphotography","tag-schwangerenbilder","tag-schwangerengfotografie","tag-stork","tag-studiofotografie","tag-watercolor","tag-wirsindschwanger"],"_links":{"self":[{"href":"https:\/\/sandra-photography.com\/index.php?rest_route=\/wp\/v2\/posts\/1069","targetHints":{"allow":["GET"]}}],"collection":[{"href":"https:\/\/sandra-photography.com\/index.php?rest_route=\/wp\/v2\/posts"}],"about":[{"href":"https:\/\/sandra-photography.com\/index.php?rest_route=\/wp\/v2\/types\/post"}],"author":[{"embeddable":true,"href":"https:\/\/sandra-photography.com\/index.php?rest_route=\/wp\/v2\/users\/1"}],"replies":[{"embeddable":true,"href":"https:\/\/sandra-photography.com\/index.php?rest_route=%2Fwp%2Fv2%2Fcomments&post=1069"}],"version-history":[{"count":7,"href":"https:\/\/sandra-photography.com\/index.php?rest_route=\/wp\/v2\/posts\/1069\/revisions"}],"predecessor-version":[{"id":1102,"href":"https:\/\/sandra-photography.com\/index.php?rest_route=\/wp\/v2\/posts\/1069\/revisions\/1102"}],"wp:featuredmedia":[{"embeddable":true,"href":"https:\/\/sandra-photography.com\/index.php?rest_route=\/wp\/v2\/media\/1079"}],"wp:attachment":[{"href":"https:\/\/sandra-photography.com\/index.php?rest_route=%2Fwp%2Fv2%2Fmedia&parent=1069"}],"wp:term":[{"taxonomy":"category","embeddable":true,"href":"https:\/\/sandra-photography.com\/index.php?rest_route=%2Fwp%2Fv2%2Fcategories&post=1069"},{"taxonomy":"post_tag","embeddable":true,"href":"https:\/\/sandra-photography.com\/index.php?rest_route=%2Fwp%2Fv2%2Ftags&post=1069"}],"curies":[{"name":"wp","href":"https:\/\/api.w.org\/{rel}","templated":true}]}}