{"id":1105,"date":"2020-11-25T09:42:29","date_gmt":"2020-11-25T09:42:29","guid":{"rendered":"https:\/\/sandra-photography.com\/?p=1105"},"modified":"2020-11-25T09:42:31","modified_gmt":"2020-11-25T09:42:31","slug":"kleiner-schelm-benedikt","status":"publish","type":"post","link":"https:\/\/sandra-photography.com\/?p=1105","title":{"rendered":"Kleiner Schelm Benedikt"},"content":{"rendered":"\n<p style=\"color:#5b4b42\" class=\"has-text-color\">Mitte Oktober hat mich diese tolle, kleine Familie in meinem Fotostudio in M\u00fcnchen besucht. <\/p>\n\n\n\n<p style=\"color:#5b4b42\" class=\"has-text-color\">Mit dabei hatten sie Ihren erst 15 Tage alten, s\u00fc\u00dfen Sohn Benedikt. Was f\u00fcr ein s\u00fc\u00dfer Fratz, der Kleine! <\/p>\n\n\n\n<p style=\"color:#5b4b42\" class=\"has-text-color\">W\u00e4hrend des Fotoshootings hat er friedlich geschlafen und nur ab und zu die \u00c4uglein aufgemacht.<\/p>\n\n\n\n<div style=\"height:79px\" aria-hidden=\"true\" class=\"wp-block-spacer\"><\/div>\n\n\n\n<span data-id=\"e24d3d95-5cb1-482a-82d6-8c7e5c007e6d\" class=\"pp-embedded-gallery \">[pp_gallery id=\"1141\" style-id=\"__full-size-images__\"]<\/span>\n","protected":false},"excerpt":{"rendered":"<p>Mitte Oktober hat mich diese tolle, kleine Familie in meinem Fotostudio in M\u00fcnchen besucht. Mit dabei hatten sie Ihren erst 15 Tage alten, s\u00fc\u00dfen Sohn Benedikt. Was f\u00fcr ein s\u00fc\u00dfer Fratz, der Kleine! W\u00e4hrend des Fotoshootings hat er friedlich geschlafen und nur ab und zu die \u00c4uglein aufgemacht.<\/p>\n","protected":false},"author":1,"featured_media":1136,"comment_status":"open","ping_status":"open","sticky":false,"template":"","format":"standard","meta":{"pp_embeds":"{\"621ac271-99b5-467a-85fa-1a6a07209b3c\":{\"id\":\"621ac271-99b5-467a-85fa-1a6a07209b3c\",\"type\":\"modules\",\"parent\":\"\",\"children\":[],\"customizations\":{},\"attributes\":{\"style_id\":\"d9eaa626-1e79-4c79-816f-b02cab0d5064\",\"collection_id\":\"1108\"}},\"e24d3d95-5cb1-482a-82d6-8c7e5c007e6d\":{\"id\":\"e24d3d95-5cb1-482a-82d6-8c7e5c007e6d\",\"type\":\"modules\",\"parent\":\"\",\"children\":[],\"customizations\":{},\"attributes\":{\"style_id\":\"__full-size-images__\",\"collection_id\":\"1141\"}}}","footnotes":""},"categories":[40,4,3,1],"tags":[],"class_list":["post-1105","post","type-post","status-publish","format-standard","has-post-thumbnail","hentry","category-baby","category-families","category-newborn","category-uncategorized"],"_links":{"self":[{"href":"https:\/\/sandra-photography.com\/index.php?rest_route=\/wp\/v2\/posts\/1105","targetHints":{"allow":["GET"]}}],"collection":[{"href":"https:\/\/sandra-photography.com\/index.php?rest_route=\/wp\/v2\/posts"}],"about":[{"href":"https:\/\/sandra-photography.com\/index.php?rest_route=\/wp\/v2\/types\/post"}],"author":[{"embeddable":true,"href":"https:\/\/sandra-photography.com\/index.php?rest_route=\/wp\/v2\/users\/1"}],"replies":[{"embeddable":true,"href":"https:\/\/sandra-photography.com\/index.php?rest_route=%2Fwp%2Fv2%2Fcomments&post=1105"}],"version-history":[{"count":5,"href":"https:\/\/sandra-photography.com\/index.php?rest_route=\/wp\/v2\/posts\/1105\/revisions"}],"predecessor-version":[{"id":1144,"href":"https:\/\/sandra-photography.com\/index.php?rest_route=\/wp\/v2\/posts\/1105\/revisions\/1144"}],"wp:featuredmedia":[{"embeddable":true,"href":"https:\/\/sandra-photography.com\/index.php?rest_route=\/wp\/v2\/media\/1136"}],"wp:attachment":[{"href":"https:\/\/sandra-photography.com\/index.php?rest_route=%2Fwp%2Fv2%2Fmedia&parent=1105"}],"wp:term":[{"taxonomy":"category","embeddable":true,"href":"https:\/\/sandra-photography.com\/index.php?rest_route=%2Fwp%2Fv2%2Fcategories&post=1105"},{"taxonomy":"post_tag","embeddable":true,"href":"https:\/\/sandra-photography.com\/index.php?rest_route=%2Fwp%2Fv2%2Ftags&post=1105"}],"curies":[{"name":"wp","href":"https:\/\/api.w.org\/{rel}","templated":true}]}}